{"id":614,"date":"2019-09-10T17:39:20","date_gmt":"2019-09-10T15:39:20","guid":{"rendered":"https:\/\/cdqmassimina.it\/?p=614"},"modified":"2019-09-10T17:40:10","modified_gmt":"2019-09-10T15:40:10","slug":"lama-ti-ama-ma-ama-di-piu-il-degrado","status":"publish","type":"post","link":"https:\/\/cdqmassimina.it\/index.php\/2019\/09\/10\/lama-ti-ama-ma-ama-di-piu-il-degrado\/","title":{"rendered":"L&#8217;AMA ti ama, ma ama di pi\u00f9 il degrado"},"content":{"rendered":"\n<p>Oggi Massimina si sveglia con l&#8217;ennesimo mucchio di spazzatura in strada.<br>Starete giustamente pensando dove sia la novit\u00e0, capita talmente tanto spesso.<\/p>\n\n\n\n<figure class=\"wp-block-image is-resized\"><a href=\"https:\/\/cdqmassimina.it\/wp-content\/uploads\/2019\/09\/70407999_2555448254498269_3117268004803444736_n-1.jpg\"><img loading=\"lazy\" decoding=\"async\" src=\"https:\/\/cdqmassimina.it\/wp-content\/uploads\/2019\/09\/70407999_2555448254498269_3117268004803444736_n-1.jpg\" alt=\"\" class=\"wp-image-619\" width=\"360\" height=\"480\" srcset=\"https:\/\/cdqmassimina.it\/wp-content\/uploads\/2019\/09\/70407999_2555448254498269_3117268004803444736_n-1.jpg 720w, https:\/\/cdqmassimina.it\/wp-content\/uploads\/2019\/09\/70407999_2555448254498269_3117268004803444736_n-1-225x300.jpg 225w\" sizes=\"(max-width: 360px) 100vw, 360px\" \/><\/a><\/figure>\n\n\n\n<p>La novit\u00e0 \u00e8 tanto assurda quanto scandalosa, il mucchio di spazzatura in questione \u00e8 stato realizzato da alcuni abitanti di una via (Via Giuseppe Rensi) quindi non solo un paio di buste di qualche incivile, gi\u00e0 questo basterebbe ma non \u00e8 tutto in quanto parrebbe che abbiano agito cos\u00ec sotto ordine di AMA, dato che la stessa dichiara di avere problemi con i mezzi e che non entra pi\u00f9 nelle strade strette, quindi se gli abitanti vogliono il ritiro della spazzatura devono portarla in strada, su marciapiede, davanti casa di altri.<br>Una forma di degrado avallata da chi dovrebbe pulire, ma soprattutto da chi dovrebbe vigilare sulle discariche abusive.<\/p>\n\n\n\n<figure class=\"wp-block-image is-resized\"><a href=\"https:\/\/cdqmassimina.it\/wp-content\/uploads\/2019\/09\/photo_2019-09-10_17-00-02.jpg\"><img loading=\"lazy\" decoding=\"async\" src=\"https:\/\/cdqmassimina.it\/wp-content\/uploads\/2019\/09\/photo_2019-09-10_17-00-02-768x1024.jpg\" alt=\"\" class=\"wp-image-621\" width=\"384\" height=\"512\" srcset=\"https:\/\/cdqmassimina.it\/wp-content\/uploads\/2019\/09\/photo_2019-09-10_17-00-02-768x1024.jpg 768w, https:\/\/cdqmassimina.it\/wp-content\/uploads\/2019\/09\/photo_2019-09-10_17-00-02-225x300.jpg 225w, https:\/\/cdqmassimina.it\/wp-content\/uploads\/2019\/09\/photo_2019-09-10_17-00-02.jpg 960w\" sizes=\"(max-width: 384px) 100vw, 384px\" \/><\/a><\/figure>\n\n\n\n<p>\nDi questo si tratta, di discarica abusiva, perch\u00e9 tempo qualche\ngiorno e altri impareranno quel nuovo posto dove abbandonare i\nrifiuti, quel posto dove portare la spazzatura che AMA non raccoglie\nanche davanti le case, e il depositato gi\u00e0 non rispetta i giorni\nprevisti creando un complesso di indifferenziato che annulla tutti\ngli sforzi che ogni cittadino fa per la differenziata.<\/p>\n\n\n\n<p>Sono circa 13 anni che a Massimina \u00e8 attiva la raccolta Porta a Porta (PaP), uno dei quartieri pilota per questa modalit\u00e0 di raccolta, ha sempre funzionato molto bene e senza cassonetti il quartiere era molto pi\u00f9 pulito. Poi sono tornate le campane del vetro che hanno creato dei punti di abbandono dei rifiuti, sia da parte di incivili ma anche da parte di cittadini esasperati, questo perch\u00e9 negli ultimi 5 anni circa il servizio svolto da AMA \u00e8 andato peggiorando sempre pi\u00f9, lasciando la spazzatura davanti le case per diversi giorni. Questo nuovo tassello, creato da AMA, aumenta a dismisura il degrado della zona, perch\u00e9 di strade strette e di mancate raccolte \u00e8 pieno il quartiere, e questa \u201cidea geniale\u201d \u00e8 facilmente replicabile in tutto il quartiere, con il rischio, e diversi lo hanno gi\u00e0 proposto, del ritorno ai cassonetti.<\/p>\n\n\n\n<figure class=\"wp-block-image is-resized\"><a href=\"https:\/\/cdqmassimina.it\/wp-content\/uploads\/2019\/09\/ama.png\"><img loading=\"lazy\" decoding=\"async\" src=\"https:\/\/cdqmassimina.it\/wp-content\/uploads\/2019\/09\/ama.png\" alt=\"\" class=\"wp-image-624\" width=\"373\" height=\"500\" srcset=\"https:\/\/cdqmassimina.it\/wp-content\/uploads\/2019\/09\/ama.png 745w, https:\/\/cdqmassimina.it\/wp-content\/uploads\/2019\/09\/ama-224x300.png 224w\" sizes=\"(max-width: 373px) 100vw, 373px\" \/><\/a><\/figure>\n\n\n\n<p>Ci raccontano la storia del ciclo dei rifiuti, della differenziata, del Riciclo e del Riuso.<br>Ci impongono le buste trasparenti cos\u00ec se il cittadino sbaglia paga.<br>Poi per\u00f2 istituzionalizzano le discariche abusive in cui viene buttato di tutto e al diavolo la differenziata.<\/p>\n\n\n\n<p>Grazie AMA!<\/p>\n","protected":false},"excerpt":{"rendered":"<p>Oggi Massimina si sveglia con l&#8217;ennesimo mucchio di spazzatura in strada.Starete giustamente pensando dove sia la novit\u00e0, capita talmente tanto spesso. La novit\u00e0 \u00e8 tanto assurda quanto scandalosa, il mucchio&#8230; <a class=\"read-more\" href=\"https:\/\/cdqmassimina.it\/index.php\/2019\/09\/10\/lama-ti-ama-ma-ama-di-piu-il-degrado\/\">[Continua a leggere]<\/a><\/p>\n","protected":false},"author":1,"featured_media":0,"comment_status":"open","ping_status":"open","sticky":false,"template":"","format":"standard","meta":{"footnotes":""},"categories":[15,17,8,20,34,27,10,35,11],"tags":[],"class_list":["post-614","post","type-post","status-publish","format-standard","hentry","category-ama","category-ambiente","category-cultura","category-degrado","category-educazione","category-raccolta-differenziata","category-rifiuti","category-senso-civico","category-sociale","no-post-thumbnail"],"_links":{"self":[{"href":"https:\/\/cdqmassimina.it\/index.php\/wp-json\/wp\/v2\/posts\/614"}],"collection":[{"href":"https:\/\/cdqmassimina.it\/index.php\/wp-json\/wp\/v2\/posts"}],"about":[{"href":"https:\/\/cdqmassimina.it\/index.php\/wp-json\/wp\/v2\/types\/post"}],"author":[{"embeddable":true,"href":"https:\/\/cdqmassimina.it\/index.php\/wp-json\/wp\/v2\/users\/1"}],"replies":[{"embeddable":true,"href":"https:\/\/cdqmassimina.it\/index.php\/wp-json\/wp\/v2\/comments?post=614"}],"version-history":[{"count":7,"href":"https:\/\/cdqmassimina.it\/index.php\/wp-json\/wp\/v2\/posts\/614\/revisions"}],"predecessor-version":[{"id":625,"href":"https:\/\/cdqmassimina.it\/index.php\/wp-json\/wp\/v2\/posts\/614\/revisions\/625"}],"wp:attachment":[{"href":"https:\/\/cdqmassimina.it\/index.php\/wp-json\/wp\/v2\/media?parent=614"}],"wp:term":[{"taxonomy":"category","embeddable":true,"href":"https:\/\/cdqmassimina.it\/index.php\/wp-json\/wp\/v2\/categories?post=614"},{"taxonomy":"post_tag","embeddable":true,"href":"https:\/\/cdqmassimina.it\/index.php\/wp-json\/wp\/v2\/tags?post=614"}],"curies":[{"name":"wp","href":"https:\/\/api.w.org\/{rel}","templated":true}]}}