{"id":608,"date":"2019-09-08T16:11:27","date_gmt":"2019-09-08T14:11:27","guid":{"rendered":"https:\/\/cdqmassimina.it\/?p=608"},"modified":"2019-09-08T16:11:29","modified_gmt":"2019-09-08T14:11:29","slug":"chi-non-vuole-lanagrafico-a-massimina","status":"publish","type":"post","link":"https:\/\/cdqmassimina.it\/index.php\/2019\/09\/08\/chi-non-vuole-lanagrafico-a-massimina\/","title":{"rendered":"Chi non vuole l&#8217;anagrafico a Massimina?"},"content":{"rendered":"\n<p>Come da titolo su Romatoday del 5 settembre (<a href=\"https:\/\/www.romatoday.it\/politica\/ufficio-anagrafe-municipio-12-via-moretti-chiusura.html\">qui<\/a>), sembra che la maggioranza politica del Municipio XII abbia intenzione di chiudere un ufficio a Pisana per aprirlo a Massimina.<br>Gi\u00e0 qui la cosa suona strana, soprattutto per i Massiminesi:<br>qualcuno vuole aprire un ufficio di servizi a Massimina?<br><strong>Impossibile!<\/strong><\/p>\n\n\n\n<figure class=\"wp-block-image is-resized\"><img loading=\"lazy\" decoding=\"async\" src=\"https:\/\/cdqmassimina.it\/wp-content\/uploads\/2018\/10\/photo5949329600125446731-1024x768.jpg\" alt=\"\" class=\"wp-image-575\" width=\"394\" height=\"296\" srcset=\"https:\/\/cdqmassimina.it\/wp-content\/uploads\/2018\/10\/photo5949329600125446731-1024x768.jpg 1024w, https:\/\/cdqmassimina.it\/wp-content\/uploads\/2018\/10\/photo5949329600125446731-300x225.jpg 300w, https:\/\/cdqmassimina.it\/wp-content\/uploads\/2018\/10\/photo5949329600125446731-768x576.jpg 768w, https:\/\/cdqmassimina.it\/wp-content\/uploads\/2018\/10\/photo5949329600125446731.jpg 1280w\" sizes=\"(max-width: 394px) 100vw, 394px\" \/><\/figure>\n\n\n\n<p>Facciamo ordine:<br>C&#8217;\u00e8 sempre stata la richiesta dei residenti del quartiere Massimina, circa 15 mila anime fuori dal raccordo all&#8217;estrema periferia del ricco Municipio di Monteverde, ma la maggioranza precedente a questa, aveva pensato che un distaccamento per Massimina andasse bene anche a met\u00e0 strada tra il quartiere e Via Fabiola, sede del centro Municipale. Cos\u00ec nel 2016 tra squilli di trombe ed Arcangeli annunciatori si apre il distaccamento anagrafico di via Moretti.<br>Dall&#8217;anno scolastico 2017\/2018 causa imminenti lavori alla struttura, si decide di spostare l&#8217;asilo nido da Via Paolo Emilio Pavolini (Massimina) ai nuovi locali di Via Francesco Aquilanti restando cos\u00ec vacante l&#8217;immobile che \u00e8 di propriet\u00e0 del Comune di Roma (costo zero esattamente come il locale di via Moretti), quindi parte il cd processo partecipativo con i cittadini che culmina con un consiglio il 8 Novembre 2017 in cui viene presentata una proposta di risoluzione n.2 per un distaccamento del corpo di polizia locale e servizi anagrafici. Al momento della discussione e poi anche del voto con cui la mozione \u00e8 stata approvata, i consiglieri di minoranza (PD) escono dall&#8217;aula (consci del fatto che due distaccamenti anagrafici in un solo municipio non avrebbero senso e forse poca utilita?), quindi loro sapevano cosa si andava a discutere e votare, e sempre quindi, i consiglieri Rossi e Tomassetti, non possono dire che \u201csolo oggi\u201d scoprono questa \u201ctriste novit\u00e0\u201d che i 5 stelle avrebbero ordito ai danni degli abitanti di Pisana.<\/p>\n\n\n\n<p>I mesi passano, e nel mentre viene richiesto uno studio sugli accessi e sulle pratiche che l&#8217;ufficio di via Moretti espleta nei suoi 10 mesi di apertura annuali (Luglio e Agosto \u00e8 chiuso) e da indiscrezioni, sembra che i dati raccolti indichino che la sede non sia produttiva e\/o risolutiva alla decongestione degli accessi degli uffici centrali di Via Fabiola, quindi se ne delinea la chiusura.<br>Qui entra in gioco la nuova sede di Via Pavolini, su cui il Municipio intenderebbe attivare lo sportello Anagrafico, ma NON in sostituzione di via Moretti, semplicemente perch\u00e9 cos\u00ec era gi\u00e0 stato stabilito.<br>E&#8217; del 4 settembre scorso, la commissione che ha bocciato la proposta di chiusura di via Moretti, con i voti di tutte le opposizioni, e anche di due consiglieri di maggioranza.<br>Tra le nuove proposte presentate c&#8217;\u00e8 quella di una apertura a giorni alterni delle due sedi, ma c&#8217;\u00e8 anche chi gi\u00e0 boccia questo progetto, se una a tempo pieno non funziona (lo studio fatto sembra dire questo) possono funzionare 2 distaccamenti part-time?<br>Nei prossimi giorni ci sar\u00e0 un altro consiglio, dove questa diatriba sar\u00e0 votata definitivamente, spero di no, ma il detto \u201ctra i due litiganti il terzo gode\u201d \u00e8 in agguato: chiude Moretti, non apre Pavolini e chi si \u00e8 visto si \u00e8 visto tanto, come espone anche un altro consigliere di minoranza \u201ccon i ritardi che ci sono nell&#8217;evasione delle pratiche in tutto il comune di Roma, non ha senso fare nuovi distaccamenti, non servono in nessun posto, figurarsi a Massimina\u201d<\/p>\n","protected":false},"excerpt":{"rendered":"<p>Come da titolo su Romatoday del 5 settembre (qui), sembra che la maggioranza politica del Municipio XII abbia intenzione di chiudere un ufficio a Pisana per aprirlo a Massimina.Gi\u00e0 qui&#8230; <a class=\"read-more\" href=\"https:\/\/cdqmassimina.it\/index.php\/2019\/09\/08\/chi-non-vuole-lanagrafico-a-massimina\/\">[Continua a leggere]<\/a><\/p>\n","protected":false},"author":1,"featured_media":0,"comment_status":"open","ping_status":"open","sticky":false,"template":"","format":"standard","meta":{"footnotes":""},"categories":[14,23,9,22,35,11],"tags":[],"class_list":["post-608","post","type-post","status-publish","format-standard","hentry","category-municipio-xii","category-nido","category-politica","category-scuola-2","category-senso-civico","category-sociale","no-post-thumbnail"],"_links":{"self":[{"href":"https:\/\/cdqmassimina.it\/index.php\/wp-json\/wp\/v2\/posts\/608"}],"collection":[{"href":"https:\/\/cdqmassimina.it\/index.php\/wp-json\/wp\/v2\/posts"}],"about":[{"href":"https:\/\/cdqmassimina.it\/index.php\/wp-json\/wp\/v2\/types\/post"}],"author":[{"embeddable":true,"href":"https:\/\/cdqmassimina.it\/index.php\/wp-json\/wp\/v2\/users\/1"}],"replies":[{"embeddable":true,"href":"https:\/\/cdqmassimina.it\/index.php\/wp-json\/wp\/v2\/comments?post=608"}],"version-history":[{"count":5,"href":"https:\/\/cdqmassimina.it\/index.php\/wp-json\/wp\/v2\/posts\/608\/revisions"}],"predecessor-version":[{"id":613,"href":"https:\/\/cdqmassimina.it\/index.php\/wp-json\/wp\/v2\/posts\/608\/revisions\/613"}],"wp:attachment":[{"href":"https:\/\/cdqmassimina.it\/index.php\/wp-json\/wp\/v2\/media?parent=608"}],"wp:term":[{"taxonomy":"category","embeddable":true,"href":"https:\/\/cdqmassimina.it\/index.php\/wp-json\/wp\/v2\/categories?post=608"},{"taxonomy":"post_tag","embeddable":true,"href":"https:\/\/cdqmassimina.it\/index.php\/wp-json\/wp\/v2\/tags?post=608"}],"curies":[{"name":"wp","href":"https:\/\/api.w.org\/{rel}","templated":true}]}}